{"id":403,"date":"2020-09-16T14:02:21","date_gmt":"2020-09-16T12:02:21","guid":{"rendered":"https:\/\/textil-buero.de\/?p=403"},"modified":"2020-09-16T14:02:21","modified_gmt":"2020-09-16T12:02:21","slug":"schon-september","status":"publish","type":"post","link":"https:\/\/textil-buero.de\/index.php\/2020\/09\/16\/schon-september\/","title":{"rendered":"Schon September"},"content":{"rendered":"\n<p class=\"has-text-align-center\">Der September hat uns mit letzten hochsommerlichen Tagen \u00fcberrascht und<br>ist nun mit Morgentau und k\u00fchleren Abenden Richtungsweiser zum Herbst.<\/p>\n\n\n\n<div class=\"wp-block-image\"><figure class=\"aligncenter size-large is-resized\"><img loading=\"lazy\" decoding=\"async\" src=\"https:\/\/textil-buero.de\/wp-content\/uploads\/2020\/09\/P1050373-Mittel-1-683x1024.jpg\" alt=\"\" class=\"wp-image-404\" width=\"388\" height=\"582\" srcset=\"https:\/\/textil-buero.de\/wp-content\/uploads\/2020\/09\/P1050373-Mittel-1-683x1024.jpg 683w, https:\/\/textil-buero.de\/wp-content\/uploads\/2020\/09\/P1050373-Mittel-1-200x300.jpg 200w, https:\/\/textil-buero.de\/wp-content\/uploads\/2020\/09\/P1050373-Mittel-1-rotated.jpg 768w\" sizes=\"auto, (max-width: 388px) 100vw, 388px\" \/><\/figure><\/div>\n\n\n\n<p><\/p>\n\n\n\n<p class=\"has-text-align-center\">Und so hole ich meine N\u00e4hmaschine hervor und n\u00e4he aus<br> fertig gewebtem Stoff und Band sch\u00f6ne Baumwollhandt\u00fccher.<\/p>\n\n\n\n<div class=\"wp-block-image\"><figure class=\"aligncenter size-large is-resized\"><img loading=\"lazy\" decoding=\"async\" src=\"https:\/\/textil-buero.de\/wp-content\/uploads\/2020\/09\/P1050380-Mittel-1-1024x683.jpg\" alt=\"\" class=\"wp-image-405\" width=\"584\" height=\"389\" srcset=\"https:\/\/textil-buero.de\/wp-content\/uploads\/2020\/09\/P1050380-Mittel-1-1024x683.jpg 1024w, https:\/\/textil-buero.de\/wp-content\/uploads\/2020\/09\/P1050380-Mittel-1-300x200.jpg 300w, https:\/\/textil-buero.de\/wp-content\/uploads\/2020\/09\/P1050380-Mittel-1-768x512.jpg 768w, https:\/\/textil-buero.de\/wp-content\/uploads\/2020\/09\/P1050380-Mittel-1.jpg 1152w\" sizes=\"auto, (max-width: 584px) 100vw, 584px\" \/><\/figure><\/div>\n\n\n\n<p><\/p>\n\n\n\n<p class=\"has-text-align-center\">In diesem Jahr wird es voraussichtlich keine Ausstellungstermine geben.<br>Wenn Sie also Handgewebtes ansehen oder bei mir erwerben wollen,<br> nehmen Sie gern Kontakt mit mir auf.<\/p>\n\n\n\n<p class=\"has-text-align-center\">Kommen Sie gut in den Herbst!<\/p>\n","protected":false},"excerpt":{"rendered":"<p>Der September hat uns mit letzten hochsommerlichen Tagen \u00fcberrascht undist nun mit Morgentau und k\u00fchleren Abenden Richtungsweiser zum Herbst. Und so hole ich meine N\u00e4hmaschine hervor und n\u00e4he aus fertig gewebtem Stoff und Band sch\u00f6ne Baumwollhandt\u00fccher. In diesem Jahr wird es voraussichtlich keine Ausstellungstermine geben.Wenn Sie also Handgewebtes ansehen oder bei mir erwerben wollen, nehmen &hellip; <\/p>\n<p class=\"link-more\"><a href=\"https:\/\/textil-buero.de\/index.php\/2020\/09\/16\/schon-september\/\" class=\"more-link\"><span class=\"screen-reader-text\">\u201eSchon September\u201c <\/span>weiterlesen<\/a><\/p>\n","protected":false},"author":4,"featured_media":0,"comment_status":"closed","ping_status":"closed","sticky":false,"template":"","format":"standard","meta":{"footnotes":""},"categories":[7],"tags":[],"class_list":["post-403","post","type-post","status-publish","format-standard","hentry","category-termine"],"_links":{"self":[{"href":"https:\/\/textil-buero.de\/index.php\/wp-json\/wp\/v2\/posts\/403","targetHints":{"allow":["GET"]}}],"collection":[{"href":"https:\/\/textil-buero.de\/index.php\/wp-json\/wp\/v2\/posts"}],"about":[{"href":"https:\/\/textil-buero.de\/index.php\/wp-json\/wp\/v2\/types\/post"}],"author":[{"embeddable":true,"href":"https:\/\/textil-buero.de\/index.php\/wp-json\/wp\/v2\/users\/4"}],"replies":[{"embeddable":true,"href":"https:\/\/textil-buero.de\/index.php\/wp-json\/wp\/v2\/comments?post=403"}],"version-history":[{"count":3,"href":"https:\/\/textil-buero.de\/index.php\/wp-json\/wp\/v2\/posts\/403\/revisions"}],"predecessor-version":[{"id":408,"href":"https:\/\/textil-buero.de\/index.php\/wp-json\/wp\/v2\/posts\/403\/revisions\/408"}],"wp:attachment":[{"href":"https:\/\/textil-buero.de\/index.php\/wp-json\/wp\/v2\/media?parent=403"}],"wp:term":[{"taxonomy":"category","embeddable":true,"href":"https:\/\/textil-buero.de\/index.php\/wp-json\/wp\/v2\/categories?post=403"},{"taxonomy":"post_tag","embeddable":true,"href":"https:\/\/textil-buero.de\/index.php\/wp-json\/wp\/v2\/tags?post=403"}],"curies":[{"name":"wp","href":"https:\/\/api.w.org\/{rel}","templated":true}]}}