{"id":656,"date":"2022-09-22T09:20:58","date_gmt":"2022-09-22T07:20:58","guid":{"rendered":"https:\/\/textil-buero.de\/?p=656"},"modified":"2022-09-22T09:20:58","modified_gmt":"2022-09-22T07:20:58","slug":"september-blau","status":"publish","type":"post","link":"https:\/\/textil-buero.de\/index.php\/2022\/09\/22\/september-blau\/","title":{"rendered":"September &#8211; Blau"},"content":{"rendered":"\n<p>ist ein ganz besonderes:<br>klarer, stiller, intensiver, blauer als Blau!<br>Die Sp\u00e4tsommerfarben bilden dazu einen milden Kontrast.<\/p>\n\n\n\n<figure class=\"wp-block-image size-full is-resized\"><a href=\"https:\/\/textil-buero.de\/wp-content\/uploads\/2022\/09\/20220920_145056-Mittel-rotated.jpg\"><img loading=\"lazy\" decoding=\"async\" src=\"https:\/\/textil-buero.de\/wp-content\/uploads\/2022\/09\/20220920_145056-Mittel-rotated.jpg\" alt=\"\" class=\"wp-image-657\" width=\"472\" height=\"353\" srcset=\"https:\/\/textil-buero.de\/wp-content\/uploads\/2022\/09\/20220920_145056-Mittel-rotated.jpg 1024w, https:\/\/textil-buero.de\/wp-content\/uploads\/2022\/09\/20220920_145056-Mittel-300x225.jpg 300w, https:\/\/textil-buero.de\/wp-content\/uploads\/2022\/09\/20220920_145056-Mittel-768x576.jpg 768w\" sizes=\"auto, (max-width: 472px) 100vw, 472px\" \/><\/a><\/figure>\n\n\n\n<p>Viele Fr\u00fcchte, Erdgeruch, Nebel, Regen und erste Raschelbl\u00e4tter<br>zeigen uns den Weg in den Herbst.<\/p>\n\n\n\n<figure class=\"wp-block-image size-large is-resized\"><a href=\"https:\/\/textil-buero.de\/wp-content\/uploads\/2022\/09\/20220907_173103-Mittel-rotated.jpg\"><img loading=\"lazy\" decoding=\"async\" src=\"https:\/\/textil-buero.de\/wp-content\/uploads\/2022\/09\/20220907_173103-Mittel-576x1024.jpg\" alt=\"\" class=\"wp-image-658\" width=\"471\" height=\"838\" srcset=\"https:\/\/textil-buero.de\/wp-content\/uploads\/2022\/09\/20220907_173103-Mittel-576x1024.jpg 576w, https:\/\/textil-buero.de\/wp-content\/uploads\/2022\/09\/20220907_173103-Mittel-169x300.jpg 169w, https:\/\/textil-buero.de\/wp-content\/uploads\/2022\/09\/20220907_173103-Mittel-rotated.jpg 768w\" sizes=\"auto, (max-width: 471px) 100vw, 471px\" \/><\/a><\/figure>\n\n\n\n<p>Einkehr!<\/p>\n","protected":false},"excerpt":{"rendered":"<p>ist ein ganz besonderes:klarer, stiller, intensiver, blauer als Blau!Die Sp\u00e4tsommerfarben bilden dazu einen milden Kontrast. Viele Fr\u00fcchte, Erdgeruch, Nebel, Regen und erste Raschelbl\u00e4tterzeigen uns den Weg in den Herbst. Einkehr!<\/p>\n","protected":false},"author":4,"featured_media":0,"comment_status":"closed","ping_status":"closed","sticky":false,"template":"","format":"standard","meta":{"footnotes":""},"categories":[7],"tags":[],"class_list":["post-656","post","type-post","status-publish","format-standard","hentry","category-termine"],"_links":{"self":[{"href":"https:\/\/textil-buero.de\/index.php\/wp-json\/wp\/v2\/posts\/656","targetHints":{"allow":["GET"]}}],"collection":[{"href":"https:\/\/textil-buero.de\/index.php\/wp-json\/wp\/v2\/posts"}],"about":[{"href":"https:\/\/textil-buero.de\/index.php\/wp-json\/wp\/v2\/types\/post"}],"author":[{"embeddable":true,"href":"https:\/\/textil-buero.de\/index.php\/wp-json\/wp\/v2\/users\/4"}],"replies":[{"embeddable":true,"href":"https:\/\/textil-buero.de\/index.php\/wp-json\/wp\/v2\/comments?post=656"}],"version-history":[{"count":3,"href":"https:\/\/textil-buero.de\/index.php\/wp-json\/wp\/v2\/posts\/656\/revisions"}],"predecessor-version":[{"id":661,"href":"https:\/\/textil-buero.de\/index.php\/wp-json\/wp\/v2\/posts\/656\/revisions\/661"}],"wp:attachment":[{"href":"https:\/\/textil-buero.de\/index.php\/wp-json\/wp\/v2\/media?parent=656"}],"wp:term":[{"taxonomy":"category","embeddable":true,"href":"https:\/\/textil-buero.de\/index.php\/wp-json\/wp\/v2\/categories?post=656"},{"taxonomy":"post_tag","embeddable":true,"href":"https:\/\/textil-buero.de\/index.php\/wp-json\/wp\/v2\/tags?post=656"}],"curies":[{"name":"wp","href":"https:\/\/api.w.org\/{rel}","templated":true}]}}