{"id":827,"date":"2024-03-18T10:28:17","date_gmt":"2024-03-18T09:28:17","guid":{"rendered":"https:\/\/textil-buero.de\/?p=827"},"modified":"2024-03-18T10:28:17","modified_gmt":"2024-03-18T09:28:17","slug":"maerzenbecher-im-maerz","status":"publish","type":"post","link":"https:\/\/textil-buero.de\/index.php\/2024\/03\/18\/maerzenbecher-im-maerz\/","title":{"rendered":"M\u00e4rzenbecher im M\u00e4rz"},"content":{"rendered":"\n<p>&#8230; so passt es doch mal! Und wer hat wohl die hellgr\u00fcnen Punkte auf<br> die Bl\u00fctenblattspitzen gemalt?<\/p>\n\n\n\n<figure class=\"wp-block-image size-full is-resized\"><a href=\"https:\/\/textil-buero.de\/wp-content\/uploads\/2024\/03\/20240316_153003-Mittel-rotated.jpg\"><img loading=\"lazy\" decoding=\"async\" width=\"1024\" height=\"768\" src=\"https:\/\/textil-buero.de\/wp-content\/uploads\/2024\/03\/20240316_153003-Mittel-rotated.jpg\" alt=\"\" class=\"wp-image-828\" style=\"width:503px;height:auto\" srcset=\"https:\/\/textil-buero.de\/wp-content\/uploads\/2024\/03\/20240316_153003-Mittel-rotated.jpg 1024w, https:\/\/textil-buero.de\/wp-content\/uploads\/2024\/03\/20240316_153003-Mittel-300x225.jpg 300w, https:\/\/textil-buero.de\/wp-content\/uploads\/2024\/03\/20240316_153003-Mittel-768x576.jpg 768w\" sizes=\"auto, (max-width: 706px) 89vw, (max-width: 767px) 82vw, 740px\" \/><\/a><\/figure>\n\n\n\n<p>\u00dcberall wird das sprie\u00dfende Gr\u00fcn von bunten Farben durchsetzt.<\/p>\n\n\n\n<div class=\"wp-block-group\"><div class=\"wp-block-group__inner-container is-layout-constrained wp-block-group-is-layout-constrained\">\n<figure class=\"wp-block-image size-full is-resized\"><a href=\"https:\/\/textil-buero.de\/wp-content\/uploads\/2024\/03\/20240316_153151-Mittel-1-rotated.jpg\"><img loading=\"lazy\" decoding=\"async\" width=\"1024\" height=\"768\" src=\"https:\/\/textil-buero.de\/wp-content\/uploads\/2024\/03\/20240316_153151-Mittel-1-rotated.jpg\" alt=\"\" class=\"wp-image-831\" style=\"width:502px;height:auto\" srcset=\"https:\/\/textil-buero.de\/wp-content\/uploads\/2024\/03\/20240316_153151-Mittel-1-rotated.jpg 1024w, https:\/\/textil-buero.de\/wp-content\/uploads\/2024\/03\/20240316_153151-Mittel-1-300x225.jpg 300w, https:\/\/textil-buero.de\/wp-content\/uploads\/2024\/03\/20240316_153151-Mittel-1-768x576.jpg 768w\" sizes=\"auto, (max-width: 706px) 89vw, (max-width: 767px) 82vw, 740px\" \/><\/a><\/figure>\n<\/div><\/div>\n\n\n\n<figure class=\"wp-block-image size-full is-resized\"><a href=\"https:\/\/textil-buero.de\/wp-content\/uploads\/2024\/03\/20240316_153210-Mittel-1-rotated.jpg\"><img loading=\"lazy\" decoding=\"async\" width=\"1024\" height=\"768\" src=\"https:\/\/textil-buero.de\/wp-content\/uploads\/2024\/03\/20240316_153210-Mittel-1-rotated.jpg\" alt=\"\" class=\"wp-image-832\" style=\"width:501px;height:auto\" srcset=\"https:\/\/textil-buero.de\/wp-content\/uploads\/2024\/03\/20240316_153210-Mittel-1-rotated.jpg 1024w, https:\/\/textil-buero.de\/wp-content\/uploads\/2024\/03\/20240316_153210-Mittel-1-300x225.jpg 300w, https:\/\/textil-buero.de\/wp-content\/uploads\/2024\/03\/20240316_153210-Mittel-1-768x576.jpg 768w\" sizes=\"auto, (max-width: 706px) 89vw, (max-width: 767px) 82vw, 740px\" \/><\/a><\/figure>\n\n\n\n<p>Drau\u00dfen erfreut uns schon hin und wieder ein laues L\u00fcftchen und <br>drinnen entstehen am Webstuhl die neuen Tischl\u00e4ufer.<\/p>\n\n\n\n<figure class=\"wp-block-image size-full is-resized\"><a href=\"https:\/\/textil-buero.de\/wp-content\/uploads\/2024\/03\/20240218_174932-Mittel-rotated.jpg\"><img loading=\"lazy\" decoding=\"async\" width=\"1024\" height=\"768\" src=\"https:\/\/textil-buero.de\/wp-content\/uploads\/2024\/03\/20240218_174932-Mittel-rotated.jpg\" alt=\"\" class=\"wp-image-833\" style=\"width:499px;height:auto\" srcset=\"https:\/\/textil-buero.de\/wp-content\/uploads\/2024\/03\/20240218_174932-Mittel-rotated.jpg 1024w, https:\/\/textil-buero.de\/wp-content\/uploads\/2024\/03\/20240218_174932-Mittel-300x225.jpg 300w, https:\/\/textil-buero.de\/wp-content\/uploads\/2024\/03\/20240218_174932-Mittel-768x576.jpg 768w\" sizes=\"auto, (max-width: 706px) 89vw, (max-width: 767px) 82vw, 740px\" \/><\/a><\/figure>\n\n\n\n<p>Ich w\u00fcnsche allen ein frohes Osterfest!<\/p>\n","protected":false},"excerpt":{"rendered":"<p>&#8230; so passt es doch mal! Und wer hat wohl die hellgr\u00fcnen Punkte auf die Bl\u00fctenblattspitzen gemalt? \u00dcberall wird das sprie\u00dfende Gr\u00fcn von bunten Farben durchsetzt. Drau\u00dfen erfreut uns schon hin und wieder ein laues L\u00fcftchen und drinnen entstehen am Webstuhl die neuen Tischl\u00e4ufer. Ich w\u00fcnsche allen ein frohes Osterfest!<\/p>\n","protected":false},"author":4,"featured_media":0,"comment_status":"closed","ping_status":"closed","sticky":false,"template":"","format":"standard","meta":{"footnotes":""},"categories":[7],"tags":[],"class_list":["post-827","post","type-post","status-publish","format-standard","hentry","category-termine"],"_links":{"self":[{"href":"https:\/\/textil-buero.de\/index.php\/wp-json\/wp\/v2\/posts\/827","targetHints":{"allow":["GET"]}}],"collection":[{"href":"https:\/\/textil-buero.de\/index.php\/wp-json\/wp\/v2\/posts"}],"about":[{"href":"https:\/\/textil-buero.de\/index.php\/wp-json\/wp\/v2\/types\/post"}],"author":[{"embeddable":true,"href":"https:\/\/textil-buero.de\/index.php\/wp-json\/wp\/v2\/users\/4"}],"replies":[{"embeddable":true,"href":"https:\/\/textil-buero.de\/index.php\/wp-json\/wp\/v2\/comments?post=827"}],"version-history":[{"count":3,"href":"https:\/\/textil-buero.de\/index.php\/wp-json\/wp\/v2\/posts\/827\/revisions"}],"predecessor-version":[{"id":836,"href":"https:\/\/textil-buero.de\/index.php\/wp-json\/wp\/v2\/posts\/827\/revisions\/836"}],"wp:attachment":[{"href":"https:\/\/textil-buero.de\/index.php\/wp-json\/wp\/v2\/media?parent=827"}],"wp:term":[{"taxonomy":"category","embeddable":true,"href":"https:\/\/textil-buero.de\/index.php\/wp-json\/wp\/v2\/categories?post=827"},{"taxonomy":"post_tag","embeddable":true,"href":"https:\/\/textil-buero.de\/index.php\/wp-json\/wp\/v2\/tags?post=827"}],"curies":[{"name":"wp","href":"https:\/\/api.w.org\/{rel}","templated":true}]}}